{"id":8088,"date":"2024-12-18T15:30:50","date_gmt":"2024-12-18T14:30:50","guid":{"rendered":"https:\/\/www.jednapriroda.cz\/?p=8088"},"modified":"2025-02-13T15:44:28","modified_gmt":"2025-02-13T14:44:28","slug":"one-nature-project-sparks-interest-estonian-colleagues-reach-out-for-collaboration","status":"publish","type":"post","link":"https:\/\/www.jednapriroda.cz\/en\/actions-in-time\/one-nature-project-sparks-interest-estonian-colleagues-reach-out-for-collaboration\/","title":{"rendered":"One Nature Project Sparks Interest: Estonian Colleagues Reach Out for Collaboration"},"content":{"rendered":"<p><strong>The <em>One Nature Project<\/em> has attracted international interest. At the beginning of March this year, we were contacted by representatives of the Estonian Ministry of Environment, who were particularly interested in our working with landowners and land users.\u00a0 As they are currently running projects focused on working with landowners, they asked us for a personal exchange of our experience.<\/strong><\/p>\n<p>In the middle of May we had a nice visit for three days, which consisted of representatives from the Estonian LIFE projects WoodMeadow LIFE project and LIFE IP Forest and Farmland, as well as the Estonian Ministry of Environment, and representatives of farmers and landowners who are implementing management measures in Natura 2000 sites.<\/p>\n<p>We started the programme at the headquarters of the Nature Conservation Agency of the Czech Republic (NCA), where we presented our projects in the form of short presentations, focusing on the transfer of experience in communication with users and landowners. &#8220;After a working lunch we moved with the Estonian delegation to the White Carpathians Protected Landscape Area.<\/p>\n\n\t\t\t<style type='text\/css'>\n\t\t\t\t#sc_gallery-1 {\n\t\t\t\t\tmargin: auto;\n\t\t\t\t}\n\t\t\t\t#sc_gallery-1 .gallery-item {\n\t\t\t\t\tfloat: left;\n\t\t\t\t\tmargin-top: 10px;\n\t\t\t\t\ttext-align: center;\n\t\t\t\t\twidth: 49.99%;\n\t\t\t\t}\n\t\t\t\t#sc_gallery-1 img {\n\t\t\t\t\tborder: 2px solid #cfcfcf;\n\t\t\t\t}\n\t\t\t\t#sc_gallery-1 .gallery-caption {\n\t\t\t\t\tmargin-left: 0;\n\t\t\t\t}\n\t\t\t\t\/* see sc_gallery() in functions\/theme-shortcodes.php *\/\n\t\t\t<\/style>\n\t\t<div id='sc_gallery-1' class='gallery element_classes galleryid-8088 gallery-columns-2 gallery-size-medium file'><dl class='gallery-item' data-title='DSC_1213' data-description=''>\n\t\t\t\t<dt class='gallery-icon landscape'>\n\t\t\t\t\t<a href='https:\/\/www.jednapriroda.cz\/wp-content\/uploads\/2023\/06\/DSC_1213-scaled.jpg'><img loading=\"lazy\" decoding=\"async\" width=\"300\" height=\"200\" src=\"https:\/\/www.jednapriroda.cz\/wp-content\/uploads\/2023\/06\/DSC_1213-300x200.jpg\" class=\"attachment-medium size-medium\" alt=\"\" srcset=\"https:\/\/www.jednapriroda.cz\/wp-content\/uploads\/2023\/06\/DSC_1213-300x200.jpg 300w, https:\/\/www.jednapriroda.cz\/wp-content\/uploads\/2023\/06\/DSC_1213-1024x683.jpg 1024w, https:\/\/www.jednapriroda.cz\/wp-content\/uploads\/2023\/06\/DSC_1213-768x512.jpg 768w, https:\/\/www.jednapriroda.cz\/wp-content\/uploads\/2023\/06\/DSC_1213-1536x1024.jpg 1536w, https:\/\/www.jednapriroda.cz\/wp-content\/uploads\/2023\/06\/DSC_1213-2048x1365.jpg 2048w, https:\/\/www.jednapriroda.cz\/wp-content\/uploads\/2023\/06\/DSC_1213-219x146.jpg 219w, https:\/\/www.jednapriroda.cz\/wp-content\/uploads\/2023\/06\/DSC_1213-50x33.jpg 50w, https:\/\/www.jednapriroda.cz\/wp-content\/uploads\/2023\/06\/DSC_1213-113x75.jpg 113w\" sizes=\"auto, (max-width:767px) 300px, 300px\" \/><\/a>\n\t\t\t\t<\/dt>\n\t\t\t\t\t<dd class='wp-caption-text gallery-caption'>\n\t\t\t\t\tVeronika Havl\u00ed\u010dkov\u00e1 presents the LIFE for Insects Project \n\t\t\t\t\t<\/dd><\/dl><dl class='gallery-item' data-title='DSC_1216' data-description=''>\n\t\t\t\t<dt class='gallery-icon landscape'>\n\t\t\t\t\t<a href='https:\/\/www.jednapriroda.cz\/wp-content\/uploads\/2023\/06\/DSC_1216-scaled.jpg'><img loading=\"lazy\" decoding=\"async\" width=\"300\" height=\"200\" src=\"https:\/\/www.jednapriroda.cz\/wp-content\/uploads\/2023\/06\/DSC_1216-300x200.jpg\" class=\"attachment-medium size-medium\" alt=\"\" srcset=\"https:\/\/www.jednapriroda.cz\/wp-content\/uploads\/2023\/06\/DSC_1216-300x200.jpg 300w, https:\/\/www.jednapriroda.cz\/wp-content\/uploads\/2023\/06\/DSC_1216-1024x683.jpg 1024w, https:\/\/www.jednapriroda.cz\/wp-content\/uploads\/2023\/06\/DSC_1216-768x512.jpg 768w, https:\/\/www.jednapriroda.cz\/wp-content\/uploads\/2023\/06\/DSC_1216-1536x1024.jpg 1536w, https:\/\/www.jednapriroda.cz\/wp-content\/uploads\/2023\/06\/DSC_1216-2048x1365.jpg 2048w, https:\/\/www.jednapriroda.cz\/wp-content\/uploads\/2023\/06\/DSC_1216-219x146.jpg 219w, https:\/\/www.jednapriroda.cz\/wp-content\/uploads\/2023\/06\/DSC_1216-50x33.jpg 50w, https:\/\/www.jednapriroda.cz\/wp-content\/uploads\/2023\/06\/DSC_1216-113x75.jpg 113w\" sizes=\"auto, (max-width:767px) 300px, 300px\" \/><\/a>\n\t\t\t\t<\/dt>\n\t\t\t\t\t<dd class='wp-caption-text gallery-caption'>\n\t\t\t\t\tBronislav Farka\u010d talks about the methodology Best Communication Practices in Nature Conservation \n\t\t\t\t\t<\/dd><\/dl><br style=\"clear: both\" \/>\n\t\t\t<\/div>\n\n<p>&nbsp;<\/p>\n<p>We started the second day with a visit to the protection zone of the National Nature Reserve Por\u00e1\u017eky, where we were guided by Ivana Jongepierov\u00e1, who deals with grassland restoration using regional seeds. The site is mostly orchid meadows with scattered stands of oak trees. Due to the time of year and also the altitude of 390 &#8211; 610 m, we were welcomed by several flowering orchid species, e.g., <em>Orchis mascula<\/em> and <em>Cephalanthera longifolia<\/em>. Thanks to the LIFE project &#8220;From the life of insects&#8221;, several hectares of grassland have been restored and the forest has been lightened by cutting down trees. The local meadows are regularly mowed once a year, with regard to insects, on several dates.<\/p>\n<p>The next site was National Nature Reserve Zahrady pod H\u00e1jem, where we visited a gene pool orchard, which was established in 1991 by the Czech Union for Nature Conservation (the branch of B\u00edl\u00e9 Karpaty). The old and local varieties of plum, apple, pear, cherry, and also the edible chestnut or medlar have been concentrated here. Among orchids we recorded, for example, late spider orchid (<em>Ophrys holosericea<\/em>).<\/p>\n<p>We finished our visit to the White Carpathians with a look at the Voj\u0161ick\u00e9 meadows from Mal\u00e1 Vrbka (a part of the \u010certoryje national nature reserve), where mosaic mowing and meadow restoration by sowing regional seeds is taking place. This view was a pleasant and apt ending of the visit to the White Carpathians, which have been tended by humans for centuries and represent a rich mosaic of meadows, forests and orchards.<\/p>\n\n\t\t\t<style type='text\/css'>\n\t\t\t\t#sc_gallery-2 {\n\t\t\t\t\tmargin: auto;\n\t\t\t\t}\n\t\t\t\t#sc_gallery-2 .gallery-item {\n\t\t\t\t\tfloat: left;\n\t\t\t\t\tmargin-top: 10px;\n\t\t\t\t\ttext-align: center;\n\t\t\t\t\twidth: 49.99%;\n\t\t\t\t}\n\t\t\t\t#sc_gallery-2 img {\n\t\t\t\t\tborder: 2px solid #cfcfcf;\n\t\t\t\t}\n\t\t\t\t#sc_gallery-2 .gallery-caption {\n\t\t\t\t\tmargin-left: 0;\n\t\t\t\t}\n\t\t\t\t\/* see sc_gallery() in functions\/theme-shortcodes.php *\/\n\t\t\t<\/style>\n\t\t<div id='sc_gallery-2' class='gallery element_classes galleryid-8088 gallery-columns-2 gallery-size-medium file'><dl class='gallery-item' data-title='DSC_1233' data-description=''>\n\t\t\t\t<dt class='gallery-icon landscape'>\n\t\t\t\t\t<a href='https:\/\/www.jednapriroda.cz\/wp-content\/uploads\/2023\/06\/DSC_1233-scaled.jpg'><img loading=\"lazy\" decoding=\"async\" width=\"300\" height=\"200\" src=\"https:\/\/www.jednapriroda.cz\/wp-content\/uploads\/2023\/06\/DSC_1233-300x200.jpg\" class=\"attachment-medium size-medium\" alt=\"\" srcset=\"https:\/\/www.jednapriroda.cz\/wp-content\/uploads\/2023\/06\/DSC_1233-300x200.jpg 300w, https:\/\/www.jednapriroda.cz\/wp-content\/uploads\/2023\/06\/DSC_1233-1024x683.jpg 1024w, https:\/\/www.jednapriroda.cz\/wp-content\/uploads\/2023\/06\/DSC_1233-768x512.jpg 768w, https:\/\/www.jednapriroda.cz\/wp-content\/uploads\/2023\/06\/DSC_1233-1536x1024.jpg 1536w, https:\/\/www.jednapriroda.cz\/wp-content\/uploads\/2023\/06\/DSC_1233-2048x1365.jpg 2048w, https:\/\/www.jednapriroda.cz\/wp-content\/uploads\/2023\/06\/DSC_1233-219x146.jpg 219w, https:\/\/www.jednapriroda.cz\/wp-content\/uploads\/2023\/06\/DSC_1233-50x33.jpg 50w, https:\/\/www.jednapriroda.cz\/wp-content\/uploads\/2023\/06\/DSC_1233-113x75.jpg 113w\" sizes=\"auto, (max-width:767px) 300px, 300px\" \/><\/a>\n\t\t\t\t<\/dt>\n\t\t\t\t\t<dd class='wp-caption-text gallery-caption'>\n\t\t\t\t\tComparison of the restored grassland and lightened forest (left) and the original overgrown state (right). Por\u00e1\u017eky National Nature Reserve \n\t\t\t\t\t<\/dd><\/dl><dl class='gallery-item' data-title='DSC_1230' data-description=''>\n\t\t\t\t<dt class='gallery-icon landscape'>\n\t\t\t\t\t<a href='https:\/\/www.jednapriroda.cz\/wp-content\/uploads\/2023\/06\/DSC_1230-scaled.jpg'><img loading=\"lazy\" decoding=\"async\" width=\"300\" height=\"200\" src=\"https:\/\/www.jednapriroda.cz\/wp-content\/uploads\/2023\/06\/DSC_1230-300x200.jpg\" class=\"attachment-medium size-medium\" alt=\"\" srcset=\"https:\/\/www.jednapriroda.cz\/wp-content\/uploads\/2023\/06\/DSC_1230-300x200.jpg 300w, https:\/\/www.jednapriroda.cz\/wp-content\/uploads\/2023\/06\/DSC_1230-1024x683.jpg 1024w, https:\/\/www.jednapriroda.cz\/wp-content\/uploads\/2023\/06\/DSC_1230-768x512.jpg 768w, https:\/\/www.jednapriroda.cz\/wp-content\/uploads\/2023\/06\/DSC_1230-1536x1024.jpg 1536w, https:\/\/www.jednapriroda.cz\/wp-content\/uploads\/2023\/06\/DSC_1230-2048x1365.jpg 2048w, https:\/\/www.jednapriroda.cz\/wp-content\/uploads\/2023\/06\/DSC_1230-219x146.jpg 219w, https:\/\/www.jednapriroda.cz\/wp-content\/uploads\/2023\/06\/DSC_1230-50x33.jpg 50w, https:\/\/www.jednapriroda.cz\/wp-content\/uploads\/2023\/06\/DSC_1230-113x75.jpg 113w\" sizes=\"auto, (max-width:767px) 300px, 300px\" \/><\/a>\n\t\t\t\t<\/dt>\n\t\t\t\t\t<dd class='wp-caption-text gallery-caption'>\n\t\t\t\t\tOrchid meadow with scattered oak trees in the Por\u00e1\u017eky National Nature Reserve. \n\t\t\t\t\t<\/dd><\/dl><br style=\"clear: both\" \/>\n\t\t\t<\/div>\n\n<p>&nbsp;<\/p>\n<p>On the way we stopped at the fields near Vesel\u00ed nad Moravou, where the heavy rain from the previous day (up to 70 mm of rain) created temporary wetlands, which were immediately used not only by mallards, but also by martins and barn swallows.<\/p>\n<p>The last day with our Estonian visit was spent in the Central Bohemian Uplands, where Jakub Kyselovi\u010d from the Central Bohemian Uplands Protected Landscape Area showed us how to prepare a site for an innovative management measure of forest grazing. We successively visited Brn\u00edk, Ran\u00e1 and Mil\u00e1 hills (SAC Obl\u00edk &#8211; Srdov &#8211; Brn\u00edk).<\/p>\n<p>&nbsp;<\/p>\n\n\t\t\t<style type='text\/css'>\n\t\t\t\t#sc_gallery-3 {\n\t\t\t\t\tmargin: auto;\n\t\t\t\t}\n\t\t\t\t#sc_gallery-3 .gallery-item {\n\t\t\t\t\tfloat: left;\n\t\t\t\t\tmargin-top: 10px;\n\t\t\t\t\ttext-align: center;\n\t\t\t\t\twidth: 49.99%;\n\t\t\t\t}\n\t\t\t\t#sc_gallery-3 img {\n\t\t\t\t\tborder: 2px solid #cfcfcf;\n\t\t\t\t}\n\t\t\t\t#sc_gallery-3 .gallery-caption {\n\t\t\t\t\tmargin-left: 0;\n\t\t\t\t}\n\t\t\t\t\/* see sc_gallery() in functions\/theme-shortcodes.php *\/\n\t\t\t<\/style>\n\t\t<div id='sc_gallery-3' class='gallery element_classes galleryid-8088 gallery-columns-2 gallery-size-medium file'><dl class='gallery-item' data-title='DSC_1251' data-description=''>\n\t\t\t\t<dt class='gallery-icon landscape'>\n\t\t\t\t\t<a href='https:\/\/www.jednapriroda.cz\/wp-content\/uploads\/2023\/06\/DSC_1251-scaled.jpg'><img loading=\"lazy\" decoding=\"async\" width=\"300\" height=\"200\" src=\"https:\/\/www.jednapriroda.cz\/wp-content\/uploads\/2023\/06\/DSC_1251-300x200.jpg\" class=\"attachment-medium size-medium\" alt=\"\" srcset=\"https:\/\/www.jednapriroda.cz\/wp-content\/uploads\/2023\/06\/DSC_1251-300x200.jpg 300w, https:\/\/www.jednapriroda.cz\/wp-content\/uploads\/2023\/06\/DSC_1251-1024x683.jpg 1024w, https:\/\/www.jednapriroda.cz\/wp-content\/uploads\/2023\/06\/DSC_1251-768x512.jpg 768w, https:\/\/www.jednapriroda.cz\/wp-content\/uploads\/2023\/06\/DSC_1251-1536x1024.jpg 1536w, https:\/\/www.jednapriroda.cz\/wp-content\/uploads\/2023\/06\/DSC_1251-2048x1365.jpg 2048w, https:\/\/www.jednapriroda.cz\/wp-content\/uploads\/2023\/06\/DSC_1251-219x146.jpg 219w, https:\/\/www.jednapriroda.cz\/wp-content\/uploads\/2023\/06\/DSC_1251-50x33.jpg 50w, https:\/\/www.jednapriroda.cz\/wp-content\/uploads\/2023\/06\/DSC_1251-113x75.jpg 113w\" sizes=\"auto, (max-width:767px) 300px, 300px\" \/><\/a>\n\t\t\t\t<\/dt>\n\t\t\t\t\t<dd class='wp-caption-text gallery-caption'>\n\t\t\t\t\tJakub Kyselovi\u010d from the Central Bohemian Uplands Protected Landscape Area presents the SAC Obl\u00edk &#8211; Srdov &#8211; Brn\u00edk. \n\t\t\t\t\t<\/dd><\/dl><dl class='gallery-item' data-title='DSC_1257' data-description=''>\n\t\t\t\t<dt class='gallery-icon landscape'>\n\t\t\t\t\t<a href='https:\/\/www.jednapriroda.cz\/wp-content\/uploads\/2023\/06\/DSC_1257-scaled.jpg'><img loading=\"lazy\" decoding=\"async\" width=\"300\" height=\"200\" src=\"https:\/\/www.jednapriroda.cz\/wp-content\/uploads\/2023\/06\/DSC_1257-300x200.jpg\" class=\"attachment-medium size-medium\" alt=\"\" srcset=\"https:\/\/www.jednapriroda.cz\/wp-content\/uploads\/2023\/06\/DSC_1257-300x200.jpg 300w, https:\/\/www.jednapriroda.cz\/wp-content\/uploads\/2023\/06\/DSC_1257-1024x683.jpg 1024w, https:\/\/www.jednapriroda.cz\/wp-content\/uploads\/2023\/06\/DSC_1257-768x512.jpg 768w, https:\/\/www.jednapriroda.cz\/wp-content\/uploads\/2023\/06\/DSC_1257-1536x1024.jpg 1536w, https:\/\/www.jednapriroda.cz\/wp-content\/uploads\/2023\/06\/DSC_1257-2048x1365.jpg 2048w, https:\/\/www.jednapriroda.cz\/wp-content\/uploads\/2023\/06\/DSC_1257-219x146.jpg 219w, https:\/\/www.jednapriroda.cz\/wp-content\/uploads\/2023\/06\/DSC_1257-50x33.jpg 50w, https:\/\/www.jednapriroda.cz\/wp-content\/uploads\/2023\/06\/DSC_1257-113x75.jpg 113w\" sizes=\"auto, (max-width:767px) 300px, 300px\" \/><\/a>\n\t\t\t\t<\/dt>\n\t\t\t\t\t<dd class='wp-caption-text gallery-caption'>\n\t\t\t\t\tA site prepared for the innovative management measure of forest grazing. \n\t\t\t\t\t<\/dd><\/dl><br style=\"clear: both\" \/>\n\t\t\t<\/div>\n\n<p>&nbsp;<\/p>\n<p>Then we moved to the Ran\u00e1 hill (SAC Ran\u00e1 &#8211; Hr\u00e1dek), which is the largest site of dry steppe grasslands in the Czech Republic, where species such as <em>Helictotrichon desertorum<\/em> can be found. Here we also visited the local colony of European ground squirrel (<em>Spermophilus citellus<\/em>), which is a protected species, and saw a demonstration of the work of herding dogs.<\/p>\n<p>Finally, we visited the SAC Vrch Mil\u00e1, co-owned by Mr. Maty\u00e1\u0161 Mal\u00fd. His family has been farming the adjacent land for several generations. Historically, the southern slopes of Mil\u00e1 were used as pastures and after their abandonment, there was a gradual expansion of bushes (hawthorns, sloes) at the expense of steppe grasslands. The overall restoration of the dry steppe vegetation was implemented gradually between 2011 and 2017 with the help of the LIFE+ <em>Lounsk\u00e9 st\u0159edoho\u0159\u00ed<\/em> project. After administrative obstacles were solved (change from forest land to permanent grassland), sheep and goat grazing was reintroduced in 2021. Now the areas are maintained by free grazing with the use of herding dogs, as well as by mowing and brush removal.<\/p>\n<p>&nbsp;<\/p>\n\n\t\t\t<style type='text\/css'>\n\t\t\t\t#sc_gallery-4 {\n\t\t\t\t\tmargin: auto;\n\t\t\t\t}\n\t\t\t\t#sc_gallery-4 .gallery-item {\n\t\t\t\t\tfloat: left;\n\t\t\t\t\tmargin-top: 10px;\n\t\t\t\t\ttext-align: center;\n\t\t\t\t\twidth: 49.99%;\n\t\t\t\t}\n\t\t\t\t#sc_gallery-4 img {\n\t\t\t\t\tborder: 2px solid #cfcfcf;\n\t\t\t\t}\n\t\t\t\t#sc_gallery-4 .gallery-caption {\n\t\t\t\t\tmargin-left: 0;\n\t\t\t\t}\n\t\t\t\t\/* see sc_gallery() in functions\/theme-shortcodes.php *\/\n\t\t\t<\/style>\n\t\t<div id='sc_gallery-4' class='gallery element_classes galleryid-8088 gallery-columns-2 gallery-size-medium file'><dl class='gallery-item' data-title='DSC_1270' data-description=''>\n\t\t\t\t<dt class='gallery-icon landscape'>\n\t\t\t\t\t<a href='https:\/\/www.jednapriroda.cz\/wp-content\/uploads\/2023\/06\/DSC_1270-scaled.jpg'><img loading=\"lazy\" decoding=\"async\" width=\"300\" height=\"200\" src=\"https:\/\/www.jednapriroda.cz\/wp-content\/uploads\/2023\/06\/DSC_1270-300x200.jpg\" class=\"attachment-medium size-medium\" alt=\"\" srcset=\"https:\/\/www.jednapriroda.cz\/wp-content\/uploads\/2023\/06\/DSC_1270-300x200.jpg 300w, https:\/\/www.jednapriroda.cz\/wp-content\/uploads\/2023\/06\/DSC_1270-1024x683.jpg 1024w, https:\/\/www.jednapriroda.cz\/wp-content\/uploads\/2023\/06\/DSC_1270-768x512.jpg 768w, https:\/\/www.jednapriroda.cz\/wp-content\/uploads\/2023\/06\/DSC_1270-1536x1024.jpg 1536w, https:\/\/www.jednapriroda.cz\/wp-content\/uploads\/2023\/06\/DSC_1270-2048x1365.jpg 2048w, https:\/\/www.jednapriroda.cz\/wp-content\/uploads\/2023\/06\/DSC_1270-219x146.jpg 219w, https:\/\/www.jednapriroda.cz\/wp-content\/uploads\/2023\/06\/DSC_1270-50x33.jpg 50w, https:\/\/www.jednapriroda.cz\/wp-content\/uploads\/2023\/06\/DSC_1270-113x75.jpg 113w\" sizes=\"auto, (max-width:767px) 300px, 300px\" \/><\/a>\n\t\t\t\t<\/dt>\n\t\t\t\t\t<dd class='wp-caption-text gallery-caption'>\n\t\t\t\t\tA hike to the top of Ran\u00e1 hill. \n\t\t\t\t\t<\/dd><\/dl><dl class='gallery-item' data-title='DSC_1290' data-description=''>\n\t\t\t\t<dt class='gallery-icon landscape'>\n\t\t\t\t\t<a href='https:\/\/www.jednapriroda.cz\/wp-content\/uploads\/2023\/06\/DSC_1290-scaled.jpg'><img loading=\"lazy\" decoding=\"async\" width=\"300\" height=\"200\" src=\"https:\/\/www.jednapriroda.cz\/wp-content\/uploads\/2023\/06\/DSC_1290-300x200.jpg\" class=\"attachment-medium size-medium\" alt=\"\" srcset=\"https:\/\/www.jednapriroda.cz\/wp-content\/uploads\/2023\/06\/DSC_1290-300x200.jpg 300w, https:\/\/www.jednapriroda.cz\/wp-content\/uploads\/2023\/06\/DSC_1290-1024x683.jpg 1024w, https:\/\/www.jednapriroda.cz\/wp-content\/uploads\/2023\/06\/DSC_1290-768x512.jpg 768w, https:\/\/www.jednapriroda.cz\/wp-content\/uploads\/2023\/06\/DSC_1290-1536x1024.jpg 1536w, https:\/\/www.jednapriroda.cz\/wp-content\/uploads\/2023\/06\/DSC_1290-2048x1365.jpg 2048w, https:\/\/www.jednapriroda.cz\/wp-content\/uploads\/2023\/06\/DSC_1290-219x146.jpg 219w, https:\/\/www.jednapriroda.cz\/wp-content\/uploads\/2023\/06\/DSC_1290-50x33.jpg 50w, https:\/\/www.jednapriroda.cz\/wp-content\/uploads\/2023\/06\/DSC_1290-113x75.jpg 113w\" sizes=\"auto, (max-width:767px) 300px, 300px\" \/><\/a>\n\t\t\t\t<\/dt>\n\t\t\t\t\t<dd class='wp-caption-text gallery-caption'>\n\t\t\t\t\tDemonstration of the work of herding dogs on the Ran\u00e1 hill. \n\t\t\t\t\t<\/dd><\/dl><br style=\"clear: both\" \/>\n\t\t\t<\/div>\n\n<p>&nbsp;<\/p>\n<p>During the three days we managed to exchange a lot of valuable experience and tips with our foreign colleagues and we found out that although our countries are geographically very different, we have a lot in common. Based on the feedback, it seems that the visit exceeded Estonian expectations in many ways, for which we have to thank especially our partners involved in the programme. We are also looking forward, together with our partners, to our visit to Estonia, which will probably take place next year.<\/p>\n","protected":false},"excerpt":{"rendered":"<p>The One Nature Project has attracted international interest. At the beginning of March this year, we were contacted by representatives of the Estonian Ministry of Environment,<span class=\"excerpt-hellip\"> [\u2026]<\/span><\/p>\n","protected":false},"author":6,"featured_media":6575,"comment_status":"open","ping_status":"open","sticky":false,"template":"","format":"standard","meta":{"_acf_changed":false,"footnotes":""},"categories":[41],"tags":[46,45,47],"class_list":["post-8088","post","type-post","status-publish","format-standard","has-post-thumbnail","hentry","category-actions-in-time","tag-others","tag-protected-areas","tag-protected-areas-management"],"acf":[],"publishpress_future_action":{"enabled":false,"date":"2026-05-08 09:15:16","action":"change-status","newStatus":"draft","terms":[],"taxonomy":"category","extraData":[]},"publishpress_future_workflow_manual_trigger":{"enabledWorkflows":[]},"_links":{"self":[{"href":"https:\/\/www.jednapriroda.cz\/en\/wp-json\/wp\/v2\/posts\/8088","targetHints":{"allow":["GET"]}}],"collection":[{"href":"https:\/\/www.jednapriroda.cz\/en\/wp-json\/wp\/v2\/posts"}],"about":[{"href":"https:\/\/www.jednapriroda.cz\/en\/wp-json\/wp\/v2\/types\/post"}],"author":[{"embeddable":true,"href":"https:\/\/www.jednapriroda.cz\/en\/wp-json\/wp\/v2\/users\/6"}],"replies":[{"embeddable":true,"href":"https:\/\/www.jednapriroda.cz\/en\/wp-json\/wp\/v2\/comments?post=8088"}],"version-history":[{"count":2,"href":"https:\/\/www.jednapriroda.cz\/en\/wp-json\/wp\/v2\/posts\/8088\/revisions"}],"predecessor-version":[{"id":8090,"href":"https:\/\/www.jednapriroda.cz\/en\/wp-json\/wp\/v2\/posts\/8088\/revisions\/8090"}],"wp:featuredmedia":[{"embeddable":true,"href":"https:\/\/www.jednapriroda.cz\/en\/wp-json\/wp\/v2\/media\/6575"}],"wp:attachment":[{"href":"https:\/\/www.jednapriroda.cz\/en\/wp-json\/wp\/v2\/media?parent=8088"}],"wp:term":[{"taxonomy":"category","embeddable":true,"href":"https:\/\/www.jednapriroda.cz\/en\/wp-json\/wp\/v2\/categories?post=8088"},{"taxonomy":"post_tag","embeddable":true,"href":"https:\/\/www.jednapriroda.cz\/en\/wp-json\/wp\/v2\/tags?post=8088"}],"curies":[{"name":"wp","href":"https:\/\/api.w.org\/{rel}","templated":true}]}}